{"id":1060,"date":"2024-09-24T13:55:29","date_gmt":"2024-09-24T11:55:29","guid":{"rendered":"https:\/\/pousseenchoeur.fr\/?p=1060"},"modified":"2025-02-15T14:28:05","modified_gmt":"2025-02-15T13:28:05","slug":"fete-de-lautomne-et-inauguration-de-lecole","status":"publish","type":"post","link":"https:\/\/pousseenchoeur.fr\/index.php\/2024\/09\/24\/fete-de-lautomne-et-inauguration-de-lecole\/","title":{"rendered":"F\u00eate de l&rsquo;Automne et inauguration de l&rsquo;\u00e9cole!"},"content":{"rendered":"\n<div class=\"wp-block-media-text is-stacked-on-mobile\"><figure class=\"wp-block-media-text__media\"><img data-recalc-dims=\"1\" loading=\"lazy\" decoding=\"async\" width=\"724\" height=\"1024\" src=\"https:\/\/i0.wp.com\/pousseenchoeur.fr\/wp-content\/uploads\/2024\/09\/Fete-de-lAutomne1-1.jpg?resize=724%2C1024&#038;ssl=1\" alt=\"affiche f\u00eate de l'automne 2024\" class=\"wp-image-1071 size-full\" srcset=\"https:\/\/i0.wp.com\/pousseenchoeur.fr\/wp-content\/uploads\/2024\/09\/Fete-de-lAutomne1-1.jpg?resize=724%2C1024&amp;ssl=1 724w, https:\/\/i0.wp.com\/pousseenchoeur.fr\/wp-content\/uploads\/2024\/09\/Fete-de-lAutomne1-1.jpg?resize=212%2C300&amp;ssl=1 212w, https:\/\/i0.wp.com\/pousseenchoeur.fr\/wp-content\/uploads\/2024\/09\/Fete-de-lAutomne1-1.jpg?resize=768%2C1086&amp;ssl=1 768w, https:\/\/i0.wp.com\/pousseenchoeur.fr\/wp-content\/uploads\/2024\/09\/Fete-de-lAutomne1-1.jpg?resize=1086%2C1536&amp;ssl=1 1086w, https:\/\/i0.wp.com\/pousseenchoeur.fr\/wp-content\/uploads\/2024\/09\/Fete-de-lAutomne1-1.jpg?w=1414&amp;ssl=1 1414w\" sizes=\"auto, (max-width: 724px) 100vw, 724px\" \/><\/figure><div class=\"wp-block-media-text__content\">\n<p>Le 21 septembre 2024, nous nous sommes retrouv\u00e9\u00b7es pour c\u00e9l\u00e9brer la naissance de la nouvelle \u00e9cole, au programme: discours, remerciements des b\u00e9n\u00e9voles et des personnes ayant soutenu la r\u00e9alisation du projet, M. le Maire de Montfleur a coup\u00e9 le ruban confectionn\u00e9 par les enfants, visite des locaux, g\u00e2teaux, boissons et joyeuses animations automnales! La branche \u00e0 v\u0153ux pour l&rsquo;\u00e9cole a \u00e9t\u00e9 accroch\u00e9e en classe, si vous aussi souhaitez nous \u00e9crire vos v\u0153ux sur un petit papier que vous aurez d\u00e9coup\u00e9 (en forme de feuille, de c\u0153ur ou autre), sentez-vous libre de le d\u00e9poser dans la bo\u00eete aux lettres!<\/p>\n<\/div><\/div>\n\n\n\n<p><\/p>\n\n\n\n<p><\/p>\n","protected":false},"excerpt":{"rendered":"<p>Le 21 septembre 2024, nous nous sommes retrouv\u00e9\u00b7es pour c\u00e9l\u00e9brer la naissance de la nouvelle \u00e9cole, au programme: discours, remerciements des b\u00e9n\u00e9voles et des personnes ayant soutenu la r\u00e9alisation du [&hellip;]<\/p>\n","protected":false},"author":1,"featured_media":1071,"comment_status":"closed","ping_status":"closed","sticky":false,"template":"","format":"standard","meta":{"site-sidebar-layout":"default","site-content-layout":"","ast-site-content-layout":"default","site-content-style":"default","site-sidebar-style":"default","ast-global-header-display":"","ast-banner-title-visibility":"","ast-main-header-display":"","ast-hfb-above-header-display":"","ast-hfb-below-header-display":"","ast-hfb-mobile-header-display":"","site-post-title":"","ast-breadcrumbs-content":"","ast-featured-img":"","footer-sml-layout":"","ast-disable-related-posts":"","theme-transparent-header-meta":"","adv-header-id-meta":"","stick-header-meta":"","header-above-stick-meta":"","header-main-stick-meta":"","header-below-stick-meta":"","astra-migrate-meta-layouts":"set","ast-page-background-enabled":"default","ast-page-background-meta":{"desktop":{"background-color":"var(--ast-global-color-4)","background-image":"","background-repeat":"repeat","background-position":"center center","background-size":"auto","background-attachment":"scroll","background-type":"","background-media":"","overlay-type":"","overlay-color":"","overlay-opacity":"","overlay-gradient":""},"tablet":{"background-color":"","background-image":"","background-repeat":"repeat","background-position":"center center","background-size":"auto","background-attachment":"scroll","background-type":"","background-media":"","overlay-type":"","overlay-color":"","overlay-opacity":"","overlay-gradient":""},"mobile":{"background-color":"","background-image":"","background-repeat":"repeat","background-position":"center center","background-size":"auto","background-attachment":"scroll","background-type":"","background-media":"","overlay-type":"","overlay-color":"","overlay-opacity":"","overlay-gradient":""}},"ast-content-background-meta":{"desktop":{"background-color":"var(--ast-global-color-5)","background-image":"","background-repeat":"repeat","background-position":"center center","background-size":"auto","background-attachment":"scroll","background-type":"","background-media":"","overlay-type":"","overlay-color":"","overlay-opacity":"","overlay-gradient":""},"tablet":{"background-color":"var(--ast-global-color-5)","background-image":"","background-repeat":"repeat","background-position":"center center","background-size":"auto","background-attachment":"scroll","background-type":"","background-media":"","overlay-type":"","overlay-color":"","overlay-opacity":"","overlay-gradient":""},"mobile":{"background-color":"var(--ast-global-color-5)","background-image":"","background-repeat":"repeat","background-position":"center center","background-size":"auto","background-attachment":"scroll","background-type":"","background-media":"","overlay-type":"","overlay-color":"","overlay-opacity":"","overlay-gradient":""}},"_EventAllDay":false,"_EventTimezone":"","_EventStartDate":"","_EventEndDate":"","_EventStartDateUTC":"","_EventEndDateUTC":"","_EventShowMap":false,"_EventShowMapLink":false,"_EventURL":"","_EventCost":"","_EventCostDescription":"","_EventCurrencySymbol":"","_EventCurrencyCode":"","_EventCurrencyPosition":"","_EventDateTimeSeparator":"","_EventTimeRangeSeparator":"","_EventOrganizerID":[],"_EventVenueID":[],"_OrganizerEmail":"","_OrganizerPhone":"","_OrganizerWebsite":"","_VenueAddress":"","_VenueCity":"","_VenueCountry":"","_VenueProvince":"","_VenueState":"","_VenueZip":"","_VenuePhone":"","_VenueURL":"","_VenueStateProvince":"","_VenueLat":"","_VenueLng":"","_VenueShowMap":false,"_VenueShowMapLink":false,"_jetpack_memberships_contains_paid_content":false,"footnotes":""},"categories":[1],"tags":[21,20,24,23,22],"class_list":["post-1060","post","type-post","status-publish","format-standard","has-post-thumbnail","hentry","category-non-classe","tag-ecole-alternative","tag-fete-de-lautomne","tag-inauguration-ecole","tag-jura","tag-petite-montagne"],"jetpack_featured_media_url":"https:\/\/i0.wp.com\/pousseenchoeur.fr\/wp-content\/uploads\/2024\/09\/Fete-de-lAutomne1-1.jpg?fit=1414%2C2000&ssl=1","jetpack_sharing_enabled":true,"_links":{"self":[{"href":"https:\/\/pousseenchoeur.fr\/index.php\/wp-json\/wp\/v2\/posts\/1060","targetHints":{"allow":["GET"]}}],"collection":[{"href":"https:\/\/pousseenchoeur.fr\/index.php\/wp-json\/wp\/v2\/posts"}],"about":[{"href":"https:\/\/pousseenchoeur.fr\/index.php\/wp-json\/wp\/v2\/types\/post"}],"author":[{"embeddable":true,"href":"https:\/\/pousseenchoeur.fr\/index.php\/wp-json\/wp\/v2\/users\/1"}],"replies":[{"embeddable":true,"href":"https:\/\/pousseenchoeur.fr\/index.php\/wp-json\/wp\/v2\/comments?post=1060"}],"version-history":[{"count":6,"href":"https:\/\/pousseenchoeur.fr\/index.php\/wp-json\/wp\/v2\/posts\/1060\/revisions"}],"predecessor-version":[{"id":1078,"href":"https:\/\/pousseenchoeur.fr\/index.php\/wp-json\/wp\/v2\/posts\/1060\/revisions\/1078"}],"wp:featuredmedia":[{"embeddable":true,"href":"https:\/\/pousseenchoeur.fr\/index.php\/wp-json\/wp\/v2\/media\/1071"}],"wp:attachment":[{"href":"https:\/\/pousseenchoeur.fr\/index.php\/wp-json\/wp\/v2\/media?parent=1060"}],"wp:term":[{"taxonomy":"category","embeddable":true,"href":"https:\/\/pousseenchoeur.fr\/index.php\/wp-json\/wp\/v2\/categories?post=1060"},{"taxonomy":"post_tag","embeddable":true,"href":"https:\/\/pousseenchoeur.fr\/index.php\/wp-json\/wp\/v2\/tags?post=1060"}],"curies":[{"name":"wp","href":"https:\/\/api.w.org\/{rel}","templated":true}]}}